{"id":10570,"date":"2024-03-12T14:30:39","date_gmt":"2024-03-12T17:30:39","guid":{"rendered":"https:\/\/ajupe.com.uy\/web\/?p=10570"},"modified":"2024-03-12T14:42:07","modified_gmt":"2024-03-12T17:42:07","slug":"la-zona-de-interes-pelicula-que-gano-a-la-sociedad-de-la-nieve-el-premio-a-mejor-pelicula-internacional-en-los-premios-oscar-2024","status":"publish","type":"post","link":"https:\/\/ajupe.com.uy\/web\/novedades-novedades\/la-zona-de-interes-pelicula-que-gano-a-la-sociedad-de-la-nieve-el-premio-a-mejor-pelicula-internacional-en-los-premios-oscar-2024\/","title":{"rendered":"La zona de inter\u00e9s: pel\u00edcula que gan\u00f3 a la Sociedad de la nieve en los premios Oscar como mejor pel\u00edcula internacional."},"content":{"rendered":"\n<p class=\"has-medium-font-size\">El c\u00e9lebre escritor italiano Primo Levi se refiri\u00f3 a la opacidad moral de los campos de concentraci\u00f3n con la expresi\u00f3n \u201cla zona gris\u201d. Amis construye una dura y espl\u00e9ndida novela sobre el horror en los campos y Thomsen, uno de los protagonistas se\u00f1ala que en ese infierno \u201ctodos descubr\u00edamos impotentes, qui\u00e9nes \u00e9ramos. Qui\u00e9n era realmente uno. Esa era la <a href=\"https:\/\/ajupe.com.uy\/web\/biblioteca\/la-zona-de-interes\/\" data-type=\"link\" data-id=\"https:\/\/ajupe.com.uy\/web\/biblioteca\/la-zona-de-interes\/\">zona de inter\u00e9s<\/a>\u201d.<\/p>\n\n\n\n<p class=\"has-medium-font-size\">El autor, con acierto y originalidad cambia la perspectiva al colocar el punto de vita del lado de los nazis. Lo hace sin ninguna complacencia con los asesinos, mostrando personajes siniestros, c\u00ednicos, banales o s\u00e1dicos.<\/p>\n\n\n\n<p class=\"has-medium-font-size\">Como tel\u00f3n de fondo, se va perfilando tenuemente un tri\u00e1ngulo entre el oficial Thomsen, Paul Doll, el siniestro comandante del campo, y su esposa Hanna, oponiendo a la horripilante rutina una b\u00fasqueda de algo parecido a la normalidad, que no estar\u00e1 exenta de terribles riesgos.<\/p>\n\n\n\n<p class=\"has-medium-font-size\">Martin Amis presenta con gran maestr\u00eda personajes, atm\u00f3sferas y v\u00ednculos. Lo hace con rigor hist\u00f3rico y con una prosa \u00e1gil e implacable.<\/p>\n\n\n\n<p class=\"has-medium-font-size\">La pel\u00edcula \u201cZona de inter\u00e9s\u201d basada en esta <a href=\"https:\/\/ajupe.com.uy\/web\/biblioteca\/la-zona-de-interes\/\" data-type=\"link\" data-id=\"https:\/\/ajupe.com.uy\/web\/biblioteca\/la-zona-de-interes\/\">novela<\/a> acaba de ganar el Oscar a MEJOR PEL\u00cdCULA INTERNACIONAL (10\/03\/24). La trama se centra en la vida de Rudolf H\u00f6ss comandante de Auschwitz, y su esposa Hedwig, quienes intentan construir un hogar ideal al lado del campo de concentraci\u00f3n.<\/p>\n\n\n\n<div class=\"wp-block-stackable-image stk-block-image stk-block stk-41972fa\" data-block-id=\"41972fa\"><style>.stk-41972fa{margin-bottom:0px !important}<\/style><figure><span class=\"stk-img-wrapper stk-image--shape-stretch\"><img loading=\"lazy\" decoding=\"async\" class=\"stk-img wp-image-10572\" src=\"https:\/\/ajupe.com.uy\/web\/wp-content\/uploads\/2024\/03\/Mejor-pelicula-extranjera-e1710264564821.webp\" width=\"1620\" height=\"1366\" srcset=\"https:\/\/ajupe.com.uy\/web\/wp-content\/uploads\/2024\/03\/Mejor-pelicula-extranjera-e1710264564821.webp 1620w, https:\/\/ajupe.com.uy\/web\/wp-content\/uploads\/2024\/03\/Mejor-pelicula-extranjera-e1710264564821-300x253.webp 300w, https:\/\/ajupe.com.uy\/web\/wp-content\/uploads\/2024\/03\/Mejor-pelicula-extranjera-e1710264564821-1024x863.webp 1024w, https:\/\/ajupe.com.uy\/web\/wp-content\/uploads\/2024\/03\/Mejor-pelicula-extranjera-e1710264564821-768x648.webp 768w, https:\/\/ajupe.com.uy\/web\/wp-content\/uploads\/2024\/03\/Mejor-pelicula-extranjera-e1710264564821-1536x1295.webp 1536w\" sizes=\"auto, (max-width: 1620px) 100vw, 1620px\" \/><\/span><\/figure><\/div>\n\n\n\n<p class=\"has-medium-font-size\">En nuestra Biblioteca tenemos adem\u00e1s <em><a href=\"https:\/\/ajupe.com.uy\/web\/biblioteca\/desde-dentro\/\" data-type=\"link\" data-id=\"https:\/\/ajupe.com.uy\/web\/biblioteca\/desde-dentro\/\">Desde dentro<\/a><\/em>, la \u00faltima novela del escritor brit\u00e1nico que es a la vez un ensayo, un relato y una autobiograf\u00eda.<\/p>\n\n\n\n<div class=\"wp-block-stackable-spacer stk-block-spacer stk--no-padding stk-block stk-c47d1db\" data-block-id=\"c47d1db\"><style>.stk-c47d1db{height:70px !important}<\/style><\/div>\n","protected":false},"excerpt":{"rendered":"<p>El c\u00e9lebre escritor italiano Primo Levi se refiri\u00f3 a la opacidad moral de los campos de concentraci\u00f3n con la expresi\u00f3n \u201cla zona gris\u201d. Amis construye una dura y espl\u00e9ndida novela sobre el horror en los campos y Thomsen, uno de los protagonistas se\u00f1ala que en ese infierno \u201ctodos descubr\u00edamos impotentes, qui\u00e9nes \u00e9ramos. Qui\u00e9n era realmente uno. Esa era la zona de inter\u00e9s\u201d.<\/p>\n","protected":false},"author":34,"featured_media":10578,"comment_status":"closed","ping_status":"closed","sticky":false,"template":"","format":"standard","meta":{"footnotes":""},"categories":[21],"tags":[],"class_list":["post-10570","post","type-post","status-publish","format-standard","has-post-thumbnail","hentry","category-novedades-novedades"],"blocksy_meta":[],"featured_image_urls_v2":{"full":["https:\/\/ajupe.com.uy\/web\/wp-content\/uploads\/2024\/03\/Diseno-sin-titulo-1.webp",1500,2000,false],"thumbnail":["https:\/\/ajupe.com.uy\/web\/wp-content\/uploads\/2024\/03\/Diseno-sin-titulo-1-150x150.webp",150,150,true],"medium":["https:\/\/ajupe.com.uy\/web\/wp-content\/uploads\/2024\/03\/Diseno-sin-titulo-1-225x300.webp",225,300,true],"medium_large":["https:\/\/ajupe.com.uy\/web\/wp-content\/uploads\/2024\/03\/Diseno-sin-titulo-1-768x1024.webp",768,1024,true],"large":["https:\/\/ajupe.com.uy\/web\/wp-content\/uploads\/2024\/03\/Diseno-sin-titulo-1-768x1024.webp",768,1024,true],"1536x1536":["https:\/\/ajupe.com.uy\/web\/wp-content\/uploads\/2024\/03\/Diseno-sin-titulo-1-1152x1536.webp",1152,1536,true],"2048x2048":["https:\/\/ajupe.com.uy\/web\/wp-content\/uploads\/2024\/03\/Diseno-sin-titulo-1.webp",1500,2000,false],"woocommerce_archive_thumbnail":["https:\/\/ajupe.com.uy\/web\/wp-content\/uploads\/2024\/03\/Diseno-sin-titulo-1-300x450.webp",300,450,true],"woocommerce_thumbnail":["https:\/\/ajupe.com.uy\/web\/wp-content\/uploads\/2024\/03\/Diseno-sin-titulo-1-300x300.webp",300,300,true],"woocommerce_single":["https:\/\/ajupe.com.uy\/web\/wp-content\/uploads\/2024\/03\/Diseno-sin-titulo-1-300x400.webp",300,400,true],"woocommerce_gallery_thumbnail":["https:\/\/ajupe.com.uy\/web\/wp-content\/uploads\/2024\/03\/Diseno-sin-titulo-1-100x100.webp",100,100,true]},"post_excerpt_stackable_v2":"<p>El c\u00e9lebre escritor italiano Primo Levi se refiri\u00f3 a la opacidad moral de los campos de concentraci\u00f3n con la expresi\u00f3n \u201cla zona gris\u201d. Amis construye una dura y espl\u00e9ndida novela sobre el horror en los campos y Thomsen, uno de los protagonistas se\u00f1ala que en ese infierno \u201ctodos descubr\u00edamos impotentes, qui\u00e9nes \u00e9ramos. Qui\u00e9n era realmente uno. Esa era la zona de inter\u00e9s\u201d.<\/p>\n","category_list_v2":"<a href=\"https:\/\/ajupe.com.uy\/web\/category\/novedades-novedades\/\" rel=\"category tag\">Novedades<\/a>","author_info_v2":{"name":"Gabriel Alonso","url":"https:\/\/ajupe.com.uy\/web\/author\/stepmedia\/"},"comments_num_v2":"0 comentarios","_links":{"self":[{"href":"https:\/\/ajupe.com.uy\/web\/wp-json\/wp\/v2\/posts\/10570","targetHints":{"allow":["GET"]}}],"collection":[{"href":"https:\/\/ajupe.com.uy\/web\/wp-json\/wp\/v2\/posts"}],"about":[{"href":"https:\/\/ajupe.com.uy\/web\/wp-json\/wp\/v2\/types\/post"}],"author":[{"embeddable":true,"href":"https:\/\/ajupe.com.uy\/web\/wp-json\/wp\/v2\/users\/34"}],"replies":[{"embeddable":true,"href":"https:\/\/ajupe.com.uy\/web\/wp-json\/wp\/v2\/comments?post=10570"}],"version-history":[{"count":6,"href":"https:\/\/ajupe.com.uy\/web\/wp-json\/wp\/v2\/posts\/10570\/revisions"}],"predecessor-version":[{"id":10714,"href":"https:\/\/ajupe.com.uy\/web\/wp-json\/wp\/v2\/posts\/10570\/revisions\/10714"}],"wp:featuredmedia":[{"embeddable":true,"href":"https:\/\/ajupe.com.uy\/web\/wp-json\/wp\/v2\/media\/10578"}],"wp:attachment":[{"href":"https:\/\/ajupe.com.uy\/web\/wp-json\/wp\/v2\/media?parent=10570"}],"wp:term":[{"taxonomy":"category","embeddable":true,"href":"https:\/\/ajupe.com.uy\/web\/wp-json\/wp\/v2\/categories?post=10570"},{"taxonomy":"post_tag","embeddable":true,"href":"https:\/\/ajupe.com.uy\/web\/wp-json\/wp\/v2\/tags?post=10570"}],"curies":[{"name":"wp","href":"https:\/\/api.w.org\/{rel}","templated":true}]}}