{"id":10892,"date":"2026-09-04T11:50:52","date_gmt":"2026-09-04T14:50:52","guid":{"rendered":"https:\/\/ajupe.com.uy\/web\/?p=10892"},"modified":"2026-09-04T11:52:11","modified_gmt":"2026-09-04T14:52:11","slug":"ajupe-al-dia-ya-esta-disponible-nuestro-boletin-trimestral-mayo-julio-2026","status":"publish","type":"post","link":"https:\/\/ajupe.com.uy\/web\/ajupe\/ajupe-al-dia-ya-esta-disponible-nuestro-boletin-trimestral-mayo-julio-2026\/","title":{"rendered":"AJUPE al D\u00eda: ya est\u00e1 disponible nuestro Bolet\u00edn Trimestral Mayo \u2013 Julio 2026"},"content":{"rendered":"\n<p class=\"wp-block-paragraph\">En AJUPE seguimos trabajando para que nuestros socios puedan conocer de primera mano las novedades de la Asociaci\u00f3n, las actividades que compartimos, los beneficios disponibles y los proyectos que estamos llevando adelante.<\/p>\n\n\n\n<p class=\"wp-block-paragraph\">Por eso presentamos una nueva edici\u00f3n de <strong>\u201cAJUPE al D\u00eda\u201d<\/strong>, nuestro Bolet\u00edn Trimestral. En sus 18 p\u00e1ginas hacemos un recorrido por lo vivido durante los \u00faltimos meses y tambi\u00e9n adelantamos algunas de las propuestas que se vienen.<\/p>\n\n\n\n<p class=\"wp-block-paragraph\">Esta edici\u00f3n refleja algo que consideramos fundamental: <strong>AJUPE se construye a partir de la participaci\u00f3n, el encuentro y el compromiso de quienes forman parte de nuestra comunidad.<\/strong><\/p>\n\n\n\n<h2 class=\"wp-block-heading\">AJUPE m\u00e1s seguro y moderno<\/h2>\n\n\n\n<p class=\"wp-block-paragraph\">No todas las mejoras que realizamos son visibles, pero muchas de ellas son fundamentales para el presente y futuro de nuestra Asociaci\u00f3n.<\/p>\n\n\n\n<p class=\"wp-block-paragraph\">Durante estos \u00faltimos meses se llevaron adelante dos importantes inversiones. Por un lado, se realiz\u00f3 la <strong>renovaci\u00f3n de la instalaci\u00f3n el\u00e9ctrica de la planta principal<\/strong>, buscando brindar mayor seguridad y adaptar las instalaciones a las necesidades actuales.<\/p>\n\n\n\n<p class=\"wp-block-paragraph\">Tambi\u00e9n se avanz\u00f3 en la <strong>actualizaci\u00f3n de los equipos inform\u00e1ticos y del software utilizado diariamente por AJUPE<\/strong>, con el objetivo de mejorar la gesti\u00f3n administrativa, brindar una atenci\u00f3n m\u00e1s \u00e1gil a nuestros socios y fortalecer la seguridad de la informaci\u00f3n.<\/p>\n\n\n\n<p class=\"wp-block-paragraph\">Son inversiones que buscan cuidar el patrimonio de todos y preparar a nuestra Asociaci\u00f3n para seguir creciendo y funcionando en mejores condiciones.<\/p>\n\n\n\n<h2 class=\"wp-block-heading\">Celebramos 73 a\u00f1os compartiendo<\/h2>\n\n\n\n<p class=\"wp-block-paragraph\">El <strong>2 de mayo AJUPE celebr\u00f3 su 73.\u00ba aniversario<\/strong>, una fecha muy especial que volvi\u00f3 a reunirnos y nos permiti\u00f3 renovar el compromiso con nuestra comunidad.<\/p>\n\n\n\n<p class=\"wp-block-paragraph\">A trav\u00e9s de diferentes encuentros compartimos momentos de alegr\u00eda y convivencia, manteniendo presentes los valores que nos acompa\u00f1an desde nuestros comienzos: <strong>participaci\u00f3n, respeto y acompa\u00f1amiento mutuo<\/strong>.<\/p>\n\n\n\n<p class=\"wp-block-paragraph\">El aniversario tambi\u00e9n fue una oportunidad para encontrarnos alrededor de la mesa, disfrutar de un almuerzo, participar de sorteos y, sobre todo, compartir.<\/p>\n\n\n\n<h2 class=\"wp-block-heading\">Cultura, historia y m\u00fasica en nuestra sede<\/h2>\n\n\n\n<p class=\"wp-block-paragraph\">Las actividades culturales tambi\u00e9n tuvieron un lugar destacado durante estos meses.<\/p>\n\n\n\n<p class=\"wp-block-paragraph\">Conmemoramos la <strong>Jura de la Primera Constituci\u00f3n del 18 de julio de 1830<\/strong> con una jornada de reflexi\u00f3n, m\u00fasica y encuentro. El profesor Pablo Rivero realiz\u00f3 una exposici\u00f3n sobre el contexto hist\u00f3rico, pol\u00edtico y social de nuestra primera Constituci\u00f3n.<\/p>\n\n\n\n<p class=\"wp-block-paragraph\">La jornada cont\u00f3 adem\u00e1s con la participaci\u00f3n del <strong>Coro Voces de AJUPE<\/strong>, dirigido por Adriana Castro y acompa\u00f1ado por la tecladista Adriana Dutruel. El encuentro culmin\u00f3 con un brindis entre los presentes.<\/p>\n\n\n\n<p class=\"wp-block-paragraph\">Nuestro Coro tambi\u00e9n fue protagonista de su <strong>primer encuentro del a\u00f1o<\/strong>, realizado el 6 de junio en la sede de AJUPE. Participaron diferentes agrupaciones corales invitadas, generando una tarde en la que la m\u00fasica sirvi\u00f3 nuevamente como punto de encuentro entre distintas comunidades.<\/p>\n\n\n\n<h2 class=\"wp-block-heading\">Actividades para encontrarnos, aprender y disfrutar<\/h2>\n\n\n\n<p class=\"wp-block-paragraph\">Pintura, gimnasia, bijouterie, crochet, yoga, Pilates, teatro, Rehabilitango, Tai Chi, estimulaci\u00f3n cognitiva, coro y reciclado de prendas son algunas de las propuestas que forman parte de la vida cotidiana de nuestra Asociaci\u00f3n.<\/p>\n\n\n\n<p class=\"wp-block-paragraph\">Detr\u00e1s de cada actividad existe una oportunidad para <strong>aprender, mantenerse activo, desarrollar la creatividad, compartir intereses y relacionarse con otras personas<\/strong>.<\/p>\n\n\n\n<p class=\"wp-block-paragraph\">En esta edici\u00f3n del bolet\u00edn agradecemos especialmente a los talleristas e instructores que, con su conocimiento y compromiso, hacen posible estas propuestas.<\/p>\n\n\n\n<h2 class=\"wp-block-heading\">Mucho m\u00e1s que actividades<\/h2>\n\n\n\n<p class=\"wp-block-paragraph\">Ser parte de AJUPE tambi\u00e9n significa contar con diferentes servicios y recursos pensados para nuestros socios.<\/p>\n\n\n\n<p class=\"wp-block-paragraph\">Nuestra Asociaci\u00f3n dispone de una <strong>biblioteca con un cat\u00e1logo amplio y renovado<\/strong>, alquiler de salones y parrillero con descuentos para socios, podolog\u00eda, terapias, est\u00e9tica, cantina, estimulaci\u00f3n cognitiva y pr\u00e9stamo de art\u00edculos m\u00e9dicos, entre otros servicios.<\/p>\n\n\n\n<p class=\"wp-block-paragraph\">Tambi\u00e9n se informa sobre la posibilidad de abonar la cuota social mediante d\u00e9bito autom\u00e1tico a trav\u00e9s del convenio con BROU.<\/p>\n\n\n\n<p class=\"wp-block-paragraph\">A esto se suman los diferentes <strong>convenios y beneficios exclusivos para socios de AJUPE<\/strong> que presentamos a lo largo del bolet\u00edn.<\/p>\n\n\n\n<h2 class=\"wp-block-heading\">Nuestra Biblioteca tambi\u00e9n recomienda<\/h2>\n\n\n\n<p class=\"wp-block-paragraph\">Los amantes de la lectura encontrar\u00e1n una secci\u00f3n especial dedicada a nuestra Biblioteca.<\/p>\n\n\n\n<p class=\"wp-block-paragraph\">En esta oportunidad compartimos recomendaciones como <strong>\u201cLas hijas del Capit\u00e1n\u201d, de Mar\u00eda Due\u00f1as; \u201cMuerte de un extra\u00f1o\u201d, de Anne Perry; y \u201cDe vidas ajenas\u201d, de Emmanuel Carr\u00e8re<\/strong>, junto con una breve presentaci\u00f3n de cada obra.<\/p>\n\n\n\n<p class=\"wp-block-paragraph\">Una invitaci\u00f3n a descubrir nuevas historias y, al mismo tiempo, aprovechar el cat\u00e1logo disponible para nuestros socios.<\/p>\n\n\n\n<h2 class=\"wp-block-heading\">Un espacio para que los socios tambi\u00e9n tengan voz<\/h2>\n\n\n\n<p class=\"wp-block-paragraph\">Una de las secciones que queremos seguir desarrollando es <strong>\u201cLos socios se expresan\u201d<\/strong>.<\/p>\n\n\n\n<p class=\"wp-block-paragraph\">El bolet\u00edn no busca ser \u00fanicamente un medio para informar lo que hace AJUPE. Tambi\u00e9n queremos que nuestros propios socios puedan encontrar all\u00ed un espacio donde compartir <strong>reflexiones, an\u00e9cdotas, relatos, recuerdos y experiencias<\/strong>.<\/p>\n\n\n\n<p class=\"wp-block-paragraph\">En esta edici\u00f3n encontramos, por ejemplo, relatos de Susana Cabriotto y Delmira Pariani Cabrera, que nos acercan historias y recuerdos personales.<\/p>\n\n\n\n<p class=\"wp-block-paragraph\"><strong>\u00bfTen\u00e9s una historia para contar?<\/strong> Te invitamos a animarte y ser parte de las pr\u00f3ximas ediciones.<\/p>\n\n\n\n<h2 class=\"wp-block-heading\">Tambi\u00e9n salimos a pasear<\/h2>\n\n\n\n<p class=\"wp-block-paragraph\">Las propuestas de AJUPE tambi\u00e9n nos llevan fuera de nuestra sede.<\/p>\n\n\n\n<p class=\"wp-block-paragraph\">El <strong>4 de julio realizamos una excursi\u00f3n al Ecoparque T\u00e1lice<\/strong>, una jornada para disfrutar de la naturaleza, conocer la diversidad de fauna del parque y, principalmente, compartir un nuevo momento de convivencia entre los participantes.<\/p>\n\n\n\n<p class=\"wp-block-paragraph\">Los paseos forman parte de las propuestas con las que buscamos generar nuevas experiencias y oportunidades para encontrarnos.<\/p>\n\n\n\n<h2 class=\"wp-block-heading\">Y todav\u00eda queda mucho por compartir<\/h2>\n\n\n\n<p class=\"wp-block-paragraph\">La nueva edici\u00f3n tambi\u00e9n mira hacia los pr\u00f3ximos meses.<\/p>\n\n\n\n<p class=\"wp-block-paragraph\">Entre las novedades previstas para el per\u00edodo agosto-octubre se encuentran la <strong>Loter\u00eda Familiar de la Nostalgia<\/strong>, un pr\u00f3ximo <strong>Curso de Inteligencia Artificial<\/strong>, un <strong>desfile de modas y exposici\u00f3n de actividades relacionadas con la creaci\u00f3n y las manualidades<\/strong>, la presentaci\u00f3n de resultados de la encuesta de opini\u00f3n y trabajos de reparaci\u00f3n de humedad en el subsuelo de nuestra sede.<\/p>\n\n\n\n<p class=\"wp-block-paragraph\">Todas estas novedades ser\u00e1n comunicadas oportunamente a trav\u00e9s de nuestros grupos de WhatsApp y redes sociales.<\/p>\n\n\n\n<h2 class=\"wp-block-heading\">Descubr\u00ed todo lo que pas\u00f3 en AJUPE<\/h2>\n\n\n\n<p class=\"wp-block-paragraph\">Estos son solamente algunos de los contenidos que vas a encontrar en esta edici\u00f3n.<\/p>\n\n\n\n<p class=\"wp-block-paragraph\">Te invitamos a recorrer las <strong>18 p\u00e1ginas de AJUPE al D\u00eda<\/strong>, conocer las novedades de nuestra Asociaci\u00f3n y descubrir las actividades, servicios, beneficios, historias y encuentros que forman parte de nuestra comunidad.<\/p>\n\n\n\n<p class=\"wp-block-paragraph\"><strong>Porque AJUPE tambi\u00e9n se construye compartiendo, participando y estando informados.<\/strong><\/p>\n\n\n\n<div class=\"wp-block-stackable-button-group stk-block-button-group stk-block stk-a006a65\" data-block-id=\"a006a65\"><div class=\"stk-row stk-inner-blocks stk-block-content stk-button-group\">\n<div class=\"wp-block-stackable-button stk-block-button stk-block stk-802ec14\" data-block-id=\"802ec14\"><a class=\"stk-link stk-button stk--hover-effect-darken\" href=\"https:\/\/ajupe.com.uy\/web\/wp-content\/uploads\/2026\/09\/Boletin-Trimestral-Mayo-Julio-2026.pdf\" target=\"_blank\" rel=\"noreferrer noopener\"><span class=\"stk-button__inner-text\">Ver bolet\u00edn completo<\/span><\/a><\/div>\n<\/div><\/div>\n","protected":false},"excerpt":{"rendered":"<p>En AJUPE seguimos trabajando para que nuestros socios puedan conocer de primera mano las novedades de la Asociaci\u00f3n, las actividades que compartimos, los beneficios disponibles y los proyectos que estamos llevando adelante. Por eso presentamos una nueva edici\u00f3n de \u201cAJUPE al D\u00eda\u201d, nuestro Bolet\u00edn Trimestral. En sus 18 p\u00e1ginas hacemos un recorrido por lo vivido [&hellip;]<\/p>\n","protected":false},"author":34,"featured_media":10894,"comment_status":"closed","ping_status":"closed","sticky":false,"template":"","format":"standard","meta":{"footnotes":""},"categories":[14],"tags":[],"class_list":["post-10892","post","type-post","status-publish","format-standard","has-post-thumbnail","hentry","category-ajupe"],"blocksy_meta":{"styles_descriptor":{"styles":{"desktop":"","tablet":"","mobile":""},"google_fonts":[],"version":8}},"featured_image_urls_v2":{"full":["https:\/\/ajupe.com.uy\/web\/wp-content\/uploads\/2026\/09\/Portada-boletin-mayo-julio-2026.webp",1536,1152,false],"thumbnail":["https:\/\/ajupe.com.uy\/web\/wp-content\/uploads\/2026\/09\/Portada-boletin-mayo-julio-2026-150x150.webp",150,150,true],"medium":["https:\/\/ajupe.com.uy\/web\/wp-content\/uploads\/2026\/09\/Portada-boletin-mayo-julio-2026-300x225.webp",300,225,true],"medium_large":["https:\/\/ajupe.com.uy\/web\/wp-content\/uploads\/2026\/09\/Portada-boletin-mayo-julio-2026-768x576.webp",768,576,true],"large":["https:\/\/ajupe.com.uy\/web\/wp-content\/uploads\/2026\/09\/Portada-boletin-mayo-julio-2026-1024x768.webp",1024,768,true],"1536x1536":["https:\/\/ajupe.com.uy\/web\/wp-content\/uploads\/2026\/09\/Portada-boletin-mayo-julio-2026.webp",1536,1152,false],"2048x2048":["https:\/\/ajupe.com.uy\/web\/wp-content\/uploads\/2026\/09\/Portada-boletin-mayo-julio-2026.webp",1536,1152,false],"woocommerce_archive_thumbnail":["https:\/\/ajupe.com.uy\/web\/wp-content\/uploads\/2026\/09\/Portada-boletin-mayo-julio-2026-300x450.webp",300,450,true],"woocommerce_thumbnail":["https:\/\/ajupe.com.uy\/web\/wp-content\/uploads\/2026\/09\/Portada-boletin-mayo-julio-2026-300x300.webp",300,300,true],"woocommerce_single":["https:\/\/ajupe.com.uy\/web\/wp-content\/uploads\/2026\/09\/Portada-boletin-mayo-julio-2026-300x225.webp",300,225,true],"woocommerce_gallery_thumbnail":["https:\/\/ajupe.com.uy\/web\/wp-content\/uploads\/2026\/09\/Portada-boletin-mayo-julio-2026-100x100.webp",100,100,true]},"post_excerpt_stackable_v2":"<p>En AJUPE seguimos trabajando para que nuestros socios puedan conocer de primera mano las novedades de la Asociaci\u00f3n, las actividades que compartimos, los beneficios disponibles y los proyectos que estamos llevando adelante. Por eso presentamos una nueva edici\u00f3n de \u201cAJUPE al D\u00eda\u201d, nuestro Bolet\u00edn Trimestral. En sus 18 p\u00e1ginas hacemos un recorrido por lo vivido durante los \u00faltimos meses y tambi\u00e9n adelantamos algunas de las propuestas que se vienen. Esta edici\u00f3n refleja algo que consideramos fundamental: AJUPE se construye a partir de la participaci\u00f3n, el encuentro y el compromiso de quienes forman parte de nuestra comunidad. AJUPE m\u00e1s seguro y&hellip;<\/p>\n","category_list_v2":"<a href=\"https:\/\/ajupe.com.uy\/web\/category\/ajupe\/\" rel=\"category tag\">AJUPE<\/a>","author_info_v2":{"name":"Gabriel Alonso","url":"https:\/\/ajupe.com.uy\/web\/author\/stepmedia\/"},"comments_num_v2":"0 comentarios","_links":{"self":[{"href":"https:\/\/ajupe.com.uy\/web\/wp-json\/wp\/v2\/posts\/10892","targetHints":{"allow":["GET"]}}],"collection":[{"href":"https:\/\/ajupe.com.uy\/web\/wp-json\/wp\/v2\/posts"}],"about":[{"href":"https:\/\/ajupe.com.uy\/web\/wp-json\/wp\/v2\/types\/post"}],"author":[{"embeddable":true,"href":"https:\/\/ajupe.com.uy\/web\/wp-json\/wp\/v2\/users\/34"}],"replies":[{"embeddable":true,"href":"https:\/\/ajupe.com.uy\/web\/wp-json\/wp\/v2\/comments?post=10892"}],"version-history":[{"count":1,"href":"https:\/\/ajupe.com.uy\/web\/wp-json\/wp\/v2\/posts\/10892\/revisions"}],"predecessor-version":[{"id":10895,"href":"https:\/\/ajupe.com.uy\/web\/wp-json\/wp\/v2\/posts\/10892\/revisions\/10895"}],"wp:featuredmedia":[{"embeddable":true,"href":"https:\/\/ajupe.com.uy\/web\/wp-json\/wp\/v2\/media\/10894"}],"wp:attachment":[{"href":"https:\/\/ajupe.com.uy\/web\/wp-json\/wp\/v2\/media?parent=10892"}],"wp:term":[{"taxonomy":"category","embeddable":true,"href":"https:\/\/ajupe.com.uy\/web\/wp-json\/wp\/v2\/categories?post=10892"},{"taxonomy":"post_tag","embeddable":true,"href":"https:\/\/ajupe.com.uy\/web\/wp-json\/wp\/v2\/tags?post=10892"}],"curies":[{"name":"wp","href":"https:\/\/api.w.org\/{rel}","templated":true}]}}